{"id":1,"date":"2023-11-03T02:17:00","date_gmt":"2023-11-03T05:17:00","guid":{"rendered":"https:\/\/centrojoaoemaria.com.br\/infantil\/?p=1"},"modified":"2023-11-03T10:57:59","modified_gmt":"2023-11-03T13:57:59","slug":"matriculas-aberta-para-2021","status":"publish","type":"post","link":"https:\/\/centrojoaoemaria.com.br\/infantil\/2023\/11\/03\/matriculas-aberta-para-2021\/","title":{"rendered":"Matr\u00edculas abertas"},"content":{"rendered":"<p>MATR\u00cdCULAS ABERTAS. VAGAS LIMITADAS<\/p>\n<p>Garanta a sua j\u00e1, fa\u00e7a a&nbsp;<a href=\"https:\/\/centrojoaoemaria.com.br\/infantil\/contato\/\">Pr\u00e9-Matricula aqui!<\/a><\/p>\n<p>Qualquer d\u00favida entrem em&nbsp;<a href=\"https:\/\/centrojoaoemaria.com.br\/infantil\/contato\/\">contato<\/a>.<\/p>\n\n\n<p><\/p>\n","protected":false},"excerpt":{"rendered":"<p>MATR\u00cdCULAS ABERTAS. VAGAS LIMITADAS Garanta a sua j\u00e1, fa\u00e7a a&nbsp;Pr\u00e9-Matricula aqui! Qualquer d\u00favida entrem em&nbsp;contato.<\/p>\n","protected":false},"author":1,"featured_media":0,"comment_status":"closed","ping_status":"open","sticky":false,"template":"","format":"standard","meta":{"footnotes":""},"categories":[151],"tags":[],"class_list":["post-1","post","type-post","status-publish","format-standard","hentry","category-novidades"],"yoast_head":"<!-- This site is optimized with the Yoast SEO plugin v25.0 - https:\/\/yoast.com\/wordpress\/plugins\/seo\/ -->\n<title>Matr\u00edculas abertas - Centro Jo\u00e3o e Maria Infantil<\/title>\n<meta name=\"robots\" content=\"index, follow, max-snippet:-1, max-image-preview:large, max-video-preview:-1\" \/>\n<link rel=\"canonical\" href=\"https:\/\/centrojoaoemaria.com.br\/infantil\/2023\/11\/03\/matriculas-aberta-para-2021\/\" \/>\n<meta property=\"og:locale\" content=\"pt_BR\" \/>\n<meta property=\"og:type\" content=\"article\" \/>\n<meta property=\"og:title\" content=\"Matr\u00edculas abertas - Centro Jo\u00e3o e Maria Infantil\" \/>\n<meta property=\"og:description\" content=\"MATR\u00cdCULAS ABERTAS. VAGAS LIMITADAS Garanta a sua j\u00e1, fa\u00e7a a&nbsp;Pr\u00e9-Matricula aqui! Qualquer d\u00favida entrem em&nbsp;contato.\" \/>\n<meta property=\"og:url\" content=\"https:\/\/centrojoaoemaria.com.br\/infantil\/2023\/11\/03\/matriculas-aberta-para-2021\/\" \/>\n<meta property=\"og:site_name\" content=\"Centro Jo\u00e3o e Maria Infantil\" \/>\n<meta property=\"article:published_time\" content=\"2023-11-03T05:17:00+00:00\" \/>\n<meta property=\"article:modified_time\" content=\"2023-11-03T13:57:59+00:00\" \/>\n<meta name=\"author\" content=\"admin\" \/>\n<meta name=\"twitter:card\" content=\"summary_large_image\" \/>\n<meta name=\"twitter:label1\" content=\"Escrito por\" \/>\n\t<meta name=\"twitter:data1\" content=\"admin\" \/>\n\t<meta name=\"twitter:label2\" content=\"Est. tempo de leitura\" \/>\n\t<meta name=\"twitter:data2\" content=\"1 minuto\" \/>\n<script type=\"application\/ld+json\" class=\"yoast-schema-graph\">{\"@context\":\"https:\/\/schema.org\",\"@graph\":[{\"@type\":\"WebPage\",\"@id\":\"https:\/\/centrojoaoemaria.com.br\/infantil\/2023\/11\/03\/matriculas-aberta-para-2021\/\",\"url\":\"https:\/\/centrojoaoemaria.com.br\/infantil\/2023\/11\/03\/matriculas-aberta-para-2021\/\",\"name\":\"Matr\u00edculas abertas - Centro Jo\u00e3o e Maria Infantil\",\"isPartOf\":{\"@id\":\"https:\/\/centrojoaoemaria.com.br\/infantil\/#website\"},\"datePublished\":\"2023-11-03T05:17:00+00:00\",\"dateModified\":\"2023-11-03T13:57:59+00:00\",\"author\":{\"@id\":\"https:\/\/centrojoaoemaria.com.br\/infantil\/#\/schema\/person\/2eabf6ca402c01955d0cb54cf1c74f2d\"},\"breadcrumb\":{\"@id\":\"https:\/\/centrojoaoemaria.com.br\/infantil\/2023\/11\/03\/matriculas-aberta-para-2021\/#breadcrumb\"},\"inLanguage\":\"pt-BR\",\"potentialAction\":[{\"@type\":\"ReadAction\",\"target\":[\"https:\/\/centrojoaoemaria.com.br\/infantil\/2023\/11\/03\/matriculas-aberta-para-2021\/\"]}]},{\"@type\":\"BreadcrumbList\",\"@id\":\"https:\/\/centrojoaoemaria.com.br\/infantil\/2023\/11\/03\/matriculas-aberta-para-2021\/#breadcrumb\",\"itemListElement\":[{\"@type\":\"ListItem\",\"position\":1,\"name\":\"In\u00edcio\",\"item\":\"https:\/\/centrojoaoemaria.com.br\/infantil\/\"},{\"@type\":\"ListItem\",\"position\":2,\"name\":\"Matr\u00edculas abertas\"}]},{\"@type\":\"WebSite\",\"@id\":\"https:\/\/centrojoaoemaria.com.br\/infantil\/#website\",\"url\":\"https:\/\/centrojoaoemaria.com.br\/infantil\/\",\"name\":\"Centro Jo\u00e3o e Maria Infantil\",\"description\":\"\",\"potentialAction\":[{\"@type\":\"SearchAction\",\"target\":{\"@type\":\"EntryPoint\",\"urlTemplate\":\"https:\/\/centrojoaoemaria.com.br\/infantil\/?s={search_term_string}\"},\"query-input\":{\"@type\":\"PropertyValueSpecification\",\"valueRequired\":true,\"valueName\":\"search_term_string\"}}],\"inLanguage\":\"pt-BR\"},{\"@type\":\"Person\",\"@id\":\"https:\/\/centrojoaoemaria.com.br\/infantil\/#\/schema\/person\/2eabf6ca402c01955d0cb54cf1c74f2d\",\"name\":\"admin\",\"image\":{\"@type\":\"ImageObject\",\"inLanguage\":\"pt-BR\",\"@id\":\"https:\/\/centrojoaoemaria.com.br\/infantil\/#\/schema\/person\/image\/\",\"url\":\"https:\/\/secure.gravatar.com\/avatar\/a550fb77c779572ac9eac18372692cb6?s=96&d=mm&r=g\",\"contentUrl\":\"https:\/\/secure.gravatar.com\/avatar\/a550fb77c779572ac9eac18372692cb6?s=96&d=mm&r=g\",\"caption\":\"admin\"},\"url\":\"https:\/\/centrojoaoemaria.com.br\/infantil\/author\/admin\/\"}]}<\/script>\n<!-- \/ Yoast SEO plugin. -->","yoast_head_json":{"title":"Matr\u00edculas abertas - Centro Jo\u00e3o e Maria Infantil","robots":{"index":"index","follow":"follow","max-snippet":"max-snippet:-1","max-image-preview":"max-image-preview:large","max-video-preview":"max-video-preview:-1"},"canonical":"https:\/\/centrojoaoemaria.com.br\/infantil\/2023\/11\/03\/matriculas-aberta-para-2021\/","og_locale":"pt_BR","og_type":"article","og_title":"Matr\u00edculas abertas - Centro Jo\u00e3o e Maria Infantil","og_description":"MATR\u00cdCULAS ABERTAS. VAGAS LIMITADAS Garanta a sua j\u00e1, fa\u00e7a a&nbsp;Pr\u00e9-Matricula aqui! Qualquer d\u00favida entrem em&nbsp;contato.","og_url":"https:\/\/centrojoaoemaria.com.br\/infantil\/2023\/11\/03\/matriculas-aberta-para-2021\/","og_site_name":"Centro Jo\u00e3o e Maria Infantil","article_published_time":"2023-11-03T05:17:00+00:00","article_modified_time":"2023-11-03T13:57:59+00:00","author":"admin","twitter_card":"summary_large_image","twitter_misc":{"Escrito por":"admin","Est. tempo de leitura":"1 minuto"},"schema":{"@context":"https:\/\/schema.org","@graph":[{"@type":"WebPage","@id":"https:\/\/centrojoaoemaria.com.br\/infantil\/2023\/11\/03\/matriculas-aberta-para-2021\/","url":"https:\/\/centrojoaoemaria.com.br\/infantil\/2023\/11\/03\/matriculas-aberta-para-2021\/","name":"Matr\u00edculas abertas - Centro Jo\u00e3o e Maria Infantil","isPartOf":{"@id":"https:\/\/centrojoaoemaria.com.br\/infantil\/#website"},"datePublished":"2023-11-03T05:17:00+00:00","dateModified":"2023-11-03T13:57:59+00:00","author":{"@id":"https:\/\/centrojoaoemaria.com.br\/infantil\/#\/schema\/person\/2eabf6ca402c01955d0cb54cf1c74f2d"},"breadcrumb":{"@id":"https:\/\/centrojoaoemaria.com.br\/infantil\/2023\/11\/03\/matriculas-aberta-para-2021\/#breadcrumb"},"inLanguage":"pt-BR","potentialAction":[{"@type":"ReadAction","target":["https:\/\/centrojoaoemaria.com.br\/infantil\/2023\/11\/03\/matriculas-aberta-para-2021\/"]}]},{"@type":"BreadcrumbList","@id":"https:\/\/centrojoaoemaria.com.br\/infantil\/2023\/11\/03\/matriculas-aberta-para-2021\/#breadcrumb","itemListElement":[{"@type":"ListItem","position":1,"name":"In\u00edcio","item":"https:\/\/centrojoaoemaria.com.br\/infantil\/"},{"@type":"ListItem","position":2,"name":"Matr\u00edculas abertas"}]},{"@type":"WebSite","@id":"https:\/\/centrojoaoemaria.com.br\/infantil\/#website","url":"https:\/\/centrojoaoemaria.com.br\/infantil\/","name":"Centro Jo\u00e3o e Maria Infantil","description":"","potentialAction":[{"@type":"SearchAction","target":{"@type":"EntryPoint","urlTemplate":"https:\/\/centrojoaoemaria.com.br\/infantil\/?s={search_term_string}"},"query-input":{"@type":"PropertyValueSpecification","valueRequired":true,"valueName":"search_term_string"}}],"inLanguage":"pt-BR"},{"@type":"Person","@id":"https:\/\/centrojoaoemaria.com.br\/infantil\/#\/schema\/person\/2eabf6ca402c01955d0cb54cf1c74f2d","name":"admin","image":{"@type":"ImageObject","inLanguage":"pt-BR","@id":"https:\/\/centrojoaoemaria.com.br\/infantil\/#\/schema\/person\/image\/","url":"https:\/\/secure.gravatar.com\/avatar\/a550fb77c779572ac9eac18372692cb6?s=96&d=mm&r=g","contentUrl":"https:\/\/secure.gravatar.com\/avatar\/a550fb77c779572ac9eac18372692cb6?s=96&d=mm&r=g","caption":"admin"},"url":"https:\/\/centrojoaoemaria.com.br\/infantil\/author\/admin\/"}]}},"_links":{"self":[{"href":"https:\/\/centrojoaoemaria.com.br\/infantil\/wp-json\/wp\/v2\/posts\/1"}],"collection":[{"href":"https:\/\/centrojoaoemaria.com.br\/infantil\/wp-json\/wp\/v2\/posts"}],"about":[{"href":"https:\/\/centrojoaoemaria.com.br\/infantil\/wp-json\/wp\/v2\/types\/post"}],"author":[{"embeddable":true,"href":"https:\/\/centrojoaoemaria.com.br\/infantil\/wp-json\/wp\/v2\/users\/1"}],"replies":[{"embeddable":true,"href":"https:\/\/centrojoaoemaria.com.br\/infantil\/wp-json\/wp\/v2\/comments?post=1"}],"version-history":[{"count":8,"href":"https:\/\/centrojoaoemaria.com.br\/infantil\/wp-json\/wp\/v2\/posts\/1\/revisions"}],"predecessor-version":[{"id":8469,"href":"https:\/\/centrojoaoemaria.com.br\/infantil\/wp-json\/wp\/v2\/posts\/1\/revisions\/8469"}],"wp:attachment":[{"href":"https:\/\/centrojoaoemaria.com.br\/infantil\/wp-json\/wp\/v2\/media?parent=1"}],"wp:term":[{"taxonomy":"category","embeddable":true,"href":"https:\/\/centrojoaoemaria.com.br\/infantil\/wp-json\/wp\/v2\/categories?post=1"},{"taxonomy":"post_tag","embeddable":true,"href":"https:\/\/centrojoaoemaria.com.br\/infantil\/wp-json\/wp\/v2\/tags?post=1"}],"curies":[{"name":"wp","href":"https:\/\/api.w.org\/{rel}","templated":true}]}}